{"id":1084,"date":"2023-05-22T12:00:00","date_gmt":"2023-05-22T10:00:00","guid":{"rendered":"https:\/\/programaraciegas.net\/?p=1084"},"modified":"2023-05-23T15:24:43","modified_gmt":"2023-05-23T13:24:43","slug":"reconocimiento-a-toda-una-vida-tecnologico-social","status":"publish","type":"post","link":"https:\/\/programaraciegas.net\/?p=1084","title":{"rendered":"Reconocimiento a toda una vida Tecnol\u00f3gico Social"},"content":{"rendered":"<p>El 22 de mayo de 2023 la <a href=\"http:\/\/www.funteso.es\/\">Fundaci\u00f3n Tecnolog\u00eda social<\/a> (FUNTESO) realiz\u00f3 un evento en el Campus Sur de la Universidad Polit\u00e9cnica de Madrid donde se entregaron varios premios y reconocimientos. Entre ellos me entregaron el <strong>premio a toda una vida Tecnol\u00f3gico Social<\/strong> reconociendo mi labor y mi dedicaci\u00f3n por un trabajo continuo a favor de la tecnolog\u00eda responsable como herramienta para alcanzar una sociedad realmente inclusiva.<\/p>\n<p><img loading=\"lazy\" decoding=\"async\" style=\"display: block; margin-left: auto; margin-right: auto;\" title=\"FUNTESO-Jonathan dando discurso en premio de FUNTESO.jpg\" src=\"https:\/\/tyflosaccessiblesoftware.com\/programaraciegas\/blog\/wp-content\/uploads\/2023\/05\/FUNTESO-Jonathan-dando-discurso-en-premio-de-FUNTESO.jpg\" alt=\"Jonathan dando un discurso agradeciendo el premio\" width=\"600\" height=\"450\" border=\"0\" \/><\/p>\n<p>Aunque todav\u00eda quedan a\u00f1os para mi jubilaci\u00f3n e incluso cuando llegue a esa etapa dudo que desaparezca mi inter\u00e9s por la tecnolog\u00eda responsable si he de confesar que este reconocimiento me ha permitido hacer un ejercicio de retrospecci\u00f3n personal y observar estos casi 30 a\u00f1os de mi vida como persona con discapacidad visual y como persona implicada en el mundo de la accesibilidad. Una vida en la que he estado investigando, desarrollando y dise\u00f1ando productos y servicios buscando siempre el m\u00e1ximo nivel de inclusi\u00f3n y accesibilidad y tambi\u00e9n divulgando hechos evidentes pero que a\u00fan siguen siendo desconocidos para muchas personas como el hecho de que la discapacidad afecta a todo el mundo y que la tecnolog\u00eda debe adaptarse a las personas y no obligar a las personas a tener que adaptarse a la tecnolog\u00eda.<\/p>\n<p>Toda mi carrera profesional, desde mis comienzos como desarrollador freelance o como consultor de accesibilidad en ILUNION hasta mi actual labor como accessibility lead en Cabify, siempre ha estado relacionada por alcanzar la accesibilidad universal rompiendo los l\u00edmites de la tecnolog\u00eda para ayudar a las personas a superar barreras f\u00edsicas, sensoriales, cognitivas y sociales.\u00a0<\/p>\n<p>Incluso antes de experimentar mi proceso de ceguera ya hice algunas incursiones en el mundo de los productos de apoyo con ordenadores de 8 y 16 bits jugando con s\u00edntesis de voz o esquemas de personalizaci\u00f3n para personalizar tama\u00f1os y colores de pantallas en aquellas primeras interfaces gr\u00e1ficas de usuario de finales de los 80 y principios de los 90 del siglo pasado. Por lo que al final creo que son m\u00e1s de treinta a\u00f1os dedicados a la tecnolog\u00eda social.<\/p>\n<p>Gracias por este reconocimiento y gracias por ayudarme a entender que aunque este camino largo que emprend\u00ed hace muchos a\u00f1os y que muchas veces es frustrante debido a que siempre hay barreras de accesibilidad tecnol\u00f3gicas, sociales, f\u00edsicas y econ\u00f3micas si he comprendido que la tecnolog\u00eda cada vez es m\u00e1s social y la accesibilidad progresa poco a poco pero no se estanca.<\/p>\n<p><img loading=\"lazy\" decoding=\"async\" style=\"display: block; margin-left: auto; margin-right: auto;\" title=\"FUNTESO-Jonathan con Celia y Rafa de FUNTESO.jpg\" src=\"https:\/\/tyflosaccessiblesoftware.com\/programaraciegas\/blog\/wp-content\/uploads\/2023\/05\/FUNTESO-Jonathan-con-Celia-y-Rafa-de-FUNTESO.jpg\" alt=\"Jonathan junto a Celia y Rafa en el evento de FUNTESO\" width=\"600\" height=\"450\" border=\"0\" \/><\/p>\n<h2>\u00bfQui\u00e9n es FUNTESO?<\/h2>\n<p>FUNTESO, Fundaci\u00f3n Tecnolog\u00eda Social, Tecnolog\u00eda para la Vida tiene dentro de sus objetivos el Informar, divulgar y proyectar el uso de la tecnolog\u00eda centrada en la persona y el uso y el dise\u00f1o de productos tecnol\u00f3gicos de forma responsable.<\/p>\n<p>FUNTESO nace en 2008 como la primera Fundaci\u00f3n de Tecnolog\u00eda Social en el mundo (no existen registros al menos conocidos o acreditados por la propia fundaci\u00f3n) cuya finalidad es informar, divulgar y proyectar el uso de la tecnolog\u00eda, entendida como el conjunto de t\u00e9cnicas, habilidades, m\u00e9todos y procesos utilizados en el desarrollo y\/o la producci\u00f3n de bienes o servicios, o logros de objetivos de investigaci\u00f3n destinados a solucionar, prever o mejorar distintos escenarios de impacto social.<\/p>\n","protected":false},"excerpt":{"rendered":"<p>El 22 de mayo de 2023 la Fundaci\u00f3n Tecnolog\u00eda social (FUNTESO) realiz\u00f3 un evento en el Campus Sur de la Universidad Polit\u00e9cnica de Madrid donde se entregaron varios premios y reconocimientos. Entre ellos me entregaron el premio a toda una vida Tecnol\u00f3gico Social reconociendo mi labor y mi dedicaci\u00f3n por un trabajo continuo a favor &hellip; <\/p>\n<p class=\"link-more\"><a href=\"https:\/\/programaraciegas.net\/?p=1084\" class=\"more-link\">Continuar leyendo<span class=\"screen-reader-text\"> \u00abReconocimiento a toda una vida Tecnol\u00f3gico Social\u00bb<\/span><\/a><\/p>\n","protected":false},"author":1,"featured_media":0,"comment_status":"open","ping_status":"closed","sticky":false,"template":"","format":"standard","meta":{"footnotes":""},"categories":[3,152],"tags":[11,446,376,244],"class_list":["post-1084","post","type-post","status-publish","format-standard","hentry","category-accesibilidad","category-noticias","tag-accesibilidad-2","tag-funteso","tag-premio","tag-tecnologia"],"jetpack_featured_media_url":"","_links":{"self":[{"href":"https:\/\/programaraciegas.net\/index.php?rest_route=\/wp\/v2\/posts\/1084","targetHints":{"allow":["GET"]}}],"collection":[{"href":"https:\/\/programaraciegas.net\/index.php?rest_route=\/wp\/v2\/posts"}],"about":[{"href":"https:\/\/programaraciegas.net\/index.php?rest_route=\/wp\/v2\/types\/post"}],"author":[{"embeddable":true,"href":"https:\/\/programaraciegas.net\/index.php?rest_route=\/wp\/v2\/users\/1"}],"replies":[{"embeddable":true,"href":"https:\/\/programaraciegas.net\/index.php?rest_route=%2Fwp%2Fv2%2Fcomments&post=1084"}],"version-history":[{"count":0,"href":"https:\/\/programaraciegas.net\/index.php?rest_route=\/wp\/v2\/posts\/1084\/revisions"}],"wp:attachment":[{"href":"https:\/\/programaraciegas.net\/index.php?rest_route=%2Fwp%2Fv2%2Fmedia&parent=1084"}],"wp:term":[{"taxonomy":"category","embeddable":true,"href":"https:\/\/programaraciegas.net\/index.php?rest_route=%2Fwp%2Fv2%2Fcategories&post=1084"},{"taxonomy":"post_tag","embeddable":true,"href":"https:\/\/programaraciegas.net\/index.php?rest_route=%2Fwp%2Fv2%2Ftags&post=1084"}],"curies":[{"name":"wp","href":"https:\/\/api.w.org\/{rel}","templated":true}]}}