{"id":1248,"date":"2025-01-31T00:00:00","date_gmt":"2025-01-30T23:00:00","guid":{"rendered":"https:\/\/programaraciegas.net\/?p=1248"},"modified":"2025-01-28T10:34:38","modified_gmt":"2025-01-28T09:34:38","slug":"segundo-congreso-de-ciencia-inclusiva","status":"publish","type":"post","link":"https:\/\/programaraciegas.net\/?p=1248","title":{"rendered":"Segundo congreso de ciencia inclusiva"},"content":{"rendered":"<p>El Consejo Superior de Investigaciones Cient\u00edficas\u00a0(CSIC)\u00a0a trav\u00e9s de su Vicepresidencia Adjunta de Cultura Cient\u00edfica y Ciencia Ciudadana (VACC-CSIC)\u00a0organiza el\u00a0<br \/>II Congreso de Ciencia Inclusiva,\u00a0que se celebrar\u00e1 los d\u00edas28 y 29 de abril del 2025 en la sede central del CSIC\u00a0en Madrid.<\/p>\n<p>Este congreso es un espacio en el que divulgadores, comunidad cient\u00edfica, docentes, instituciones y colectivos comprometidos con la inclusi\u00f3n compartan sus experiencias y resultados. El congreso ofrece un espacio donde se refuerza los lazos y las redes iniciados en el primer congreso que se celebr\u00f3 en 2023.<\/p>\n<p>Este congreso responde a la necesidad de abordar el desaf\u00edo que supone hacer accesible la investigaci\u00f3n y la difusi\u00f3n de sus resultados\u00a0al mayor n\u00famero de personas posible, independientemente de sus caracter\u00edsticas f\u00edsicas, sensoriales o ps\u00edquicas, su edad, su condici\u00f3n socioecon\u00f3mica o su nivel educativo.<\/p>\n<p>El periodo de recepci\u00f3n de comunicaciones est\u00e1 abierto hasta el 31 de enero de 2025 en la <a href=\"http:\/\/bit.ly\/3CGX5bu\">p\u00e1gina de recepci\u00f3n de comunicaciones<\/a>.<\/p>\n<p>Para la asistencia al congreso es necesario inscribirse. Las inscripciones son gratuitas y pueden realizarse hasta el d\u00eda 30 de marzo en la <a href=\"https:\/\/bit.ly\/3CMCYc6\">p\u00e1gina de suscripci\u00f3n al evento<\/a>.<\/p>\n<p>Puedes <a href=\"https:\/\/www.youtube.com\/watch?v=NpAJuPHfLSI&amp;list=PLdXBxZS4qK9re3LTJMj4Rgvp18z8uA3JB&amp;index=4\">ver el primer congreso de ciencia inclusiva<\/a> en Youtube.<\/p>\n","protected":false},"excerpt":{"rendered":"<p>El Consejo Superior de Investigaciones Cient\u00edficas\u00a0(CSIC)\u00a0a trav\u00e9s de su Vicepresidencia Adjunta de Cultura Cient\u00edfica y Ciencia Ciudadana (VACC-CSIC)\u00a0organiza el\u00a0II Congreso de Ciencia Inclusiva,\u00a0que se celebrar\u00e1 los d\u00edas28 y 29 de abril del 2025 en la sede central del CSIC\u00a0en Madrid. Este congreso es un espacio en el que divulgadores, comunidad cient\u00edfica, docentes, instituciones y colectivos &hellip; <\/p>\n<p class=\"link-more\"><a href=\"https:\/\/programaraciegas.net\/?p=1248\" class=\"more-link\">Continuar leyendo<span class=\"screen-reader-text\"> \u00abSegundo congreso de ciencia inclusiva\u00bb<\/span><\/a><\/p>\n","protected":false},"author":1,"featured_media":0,"comment_status":"open","ping_status":"closed","sticky":false,"template":"","format":"standard","meta":{"footnotes":""},"categories":[152],"tags":[504,71,369],"class_list":["post-1248","post","type-post","status-publish","format-standard","hentry","category-noticias","tag-ciencia","tag-congreso","tag-inclusion"],"jetpack_featured_media_url":"","_links":{"self":[{"href":"https:\/\/programaraciegas.net\/index.php?rest_route=\/wp\/v2\/posts\/1248","targetHints":{"allow":["GET"]}}],"collection":[{"href":"https:\/\/programaraciegas.net\/index.php?rest_route=\/wp\/v2\/posts"}],"about":[{"href":"https:\/\/programaraciegas.net\/index.php?rest_route=\/wp\/v2\/types\/post"}],"author":[{"embeddable":true,"href":"https:\/\/programaraciegas.net\/index.php?rest_route=\/wp\/v2\/users\/1"}],"replies":[{"embeddable":true,"href":"https:\/\/programaraciegas.net\/index.php?rest_route=%2Fwp%2Fv2%2Fcomments&post=1248"}],"version-history":[{"count":0,"href":"https:\/\/programaraciegas.net\/index.php?rest_route=\/wp\/v2\/posts\/1248\/revisions"}],"wp:attachment":[{"href":"https:\/\/programaraciegas.net\/index.php?rest_route=%2Fwp%2Fv2%2Fmedia&parent=1248"}],"wp:term":[{"taxonomy":"category","embeddable":true,"href":"https:\/\/programaraciegas.net\/index.php?rest_route=%2Fwp%2Fv2%2Fcategories&post=1248"},{"taxonomy":"post_tag","embeddable":true,"href":"https:\/\/programaraciegas.net\/index.php?rest_route=%2Fwp%2Fv2%2Ftags&post=1248"}],"curies":[{"name":"wp","href":"https:\/\/api.w.org\/{rel}","templated":true}]}}