{"id":1249,"date":"2025-02-03T00:00:00","date_gmt":"2025-02-02T23:00:00","guid":{"rendered":"https:\/\/programaraciegas.net\/?p=1249"},"modified":"2025-01-30T11:00:18","modified_gmt":"2025-01-30T10:00:18","slug":"jornada-de-derechos-digitales-de-las-personas-mayores","status":"publish","type":"post","link":"https:\/\/programaraciegas.net\/?p=1249","title":{"rendered":"Jornada de Derechos Digitales de las Personas Mayores"},"content":{"rendered":"<p>El Centro Internacional de Investigaci\u00f3n Jur\u00eddica, organiza la JORNADA DERECHOS DIGITALES DE LAS PERSONAS MAYORES. En el evento colaboran la C\u00e1tedra Abanca-Afundaci\u00f3n\/ICADE sobre Longevidad, Econom\u00eda y Sociedad y la Cl\u00ednica Jur\u00eddica-ICADE con la colaboraci\u00f3n de <a href=\"https:\/\/www.emancipatic.org\/\">EmancipaTIC<\/a>.<\/p>\n<p>La jornada tendr\u00e1 lugar el 18 de febrero a las 18 h. en el Auditorio del Centro Internacional de Investigaci\u00f3n Jur\u00eddica de la Universidad Pontificia Comillas (Calle Rey Francisco, 4- Madrid).<\/p>\n<p>Es necesario <a href=\"https:\/\/eventos.comillas.edu\/event_detail\/128771\/tickets.html\">inscribirse al evento<\/a> para asistir.<\/p>\n","protected":false},"excerpt":{"rendered":"<p>El Centro Internacional de Investigaci\u00f3n Jur\u00eddica, organiza la JORNADA DERECHOS DIGITALES DE LAS PERSONAS MAYORES. En el evento colaboran la C\u00e1tedra Abanca-Afundaci\u00f3n\/ICADE sobre Longevidad, Econom\u00eda y Sociedad y la Cl\u00ednica Jur\u00eddica-ICADE con la colaboraci\u00f3n de EmancipaTIC. La jornada tendr\u00e1 lugar el 18 de febrero a las 18 h. en el Auditorio del Centro Internacional de &hellip; <\/p>\n<p class=\"link-more\"><a href=\"https:\/\/programaraciegas.net\/?p=1249\" class=\"more-link\">Continuar leyendo<span class=\"screen-reader-text\"> \u00abJornada de Derechos Digitales de las Personas Mayores\u00bb<\/span><\/a><\/p>\n","protected":false},"author":1,"featured_media":0,"comment_status":"open","ping_status":"closed","sticky":false,"template":"","format":"standard","meta":{"footnotes":""},"categories":[152],"tags":[71,221,505],"class_list":["post-1249","post","type-post","status-publish","format-standard","hentry","category-noticias","tag-congreso","tag-jornadas","tag-mayores"],"jetpack_featured_media_url":"","_links":{"self":[{"href":"https:\/\/programaraciegas.net\/index.php?rest_route=\/wp\/v2\/posts\/1249","targetHints":{"allow":["GET"]}}],"collection":[{"href":"https:\/\/programaraciegas.net\/index.php?rest_route=\/wp\/v2\/posts"}],"about":[{"href":"https:\/\/programaraciegas.net\/index.php?rest_route=\/wp\/v2\/types\/post"}],"author":[{"embeddable":true,"href":"https:\/\/programaraciegas.net\/index.php?rest_route=\/wp\/v2\/users\/1"}],"replies":[{"embeddable":true,"href":"https:\/\/programaraciegas.net\/index.php?rest_route=%2Fwp%2Fv2%2Fcomments&post=1249"}],"version-history":[{"count":0,"href":"https:\/\/programaraciegas.net\/index.php?rest_route=\/wp\/v2\/posts\/1249\/revisions"}],"wp:attachment":[{"href":"https:\/\/programaraciegas.net\/index.php?rest_route=%2Fwp%2Fv2%2Fmedia&parent=1249"}],"wp:term":[{"taxonomy":"category","embeddable":true,"href":"https:\/\/programaraciegas.net\/index.php?rest_route=%2Fwp%2Fv2%2Fcategories&post=1249"},{"taxonomy":"post_tag","embeddable":true,"href":"https:\/\/programaraciegas.net\/index.php?rest_route=%2Fwp%2Fv2%2Ftags&post=1249"}],"curies":[{"name":"wp","href":"https:\/\/api.w.org\/{rel}","templated":true}]}}