{"id":1381,"date":"2026-09-04T07:00:00","date_gmt":"2026-09-04T05:00:00","guid":{"rendered":"https:\/\/programaraciegas.net\/?p=1381"},"modified":"2026-08-28T07:26:00","modified_gmt":"2026-08-28T05:26:00","slug":"una-encuesta-mundial-busca-conocer-la-situacion-de-la-alfabetizacion-braille","status":"publish","type":"post","link":"https:\/\/programaraciegas.net\/?p=1381","title":{"rendered":"Una encuesta mundial busca conocer la situaci\u00f3n de la alfabetizaci\u00f3n braille"},"content":{"rendered":"<p>El Consejo Internacional para la Educaci\u00f3n de las Personas con Discapacidad Visual (ICEVI) y la Uni\u00f3n Mundial de Ciegos (UMC), junto con otras organizaciones y profesionales vinculados a la discapacidad visual, han puesto en marcha la <strong>Encuesta Mundial sobre Alfabetizaci\u00f3n Braille<\/strong>, una iniciativa destinada a conocer la situaci\u00f3n actual del aprendizaje y el uso del braille en diferentes pa\u00edses.<\/p>\n<p>La encuesta est\u00e1 dirigida a personas ciegas mahyores de edad, con baja visi\u00f3n o con sordoceguera. Tambi\u00e9n pueden participar padres, madres y tutores legales de menores con estas discapacidades, profesionales relacionados con la ense\u00f1anza del braille y personas dedicadas a la transcripci\u00f3n de contenidos a braille.<\/p>\n<p>La encuesta, en ingl\u00e9s <em>Global Braille Survey<\/em>, forma parte de la campa\u00f1a internacional <em>More Braille: More Empowerment<\/em> y busca recoger informaci\u00f3n sobre c\u00f3mo el braille se aprende, se ense\u00f1a y se utiliza y las posibilidades de acceso a este sistema de lectoescritura.<\/p>\n<p>El estudio busca identificar las principales dificultades relacionadas con la alfabetizaci\u00f3n braille. Los datos obtenidos podr\u00e1n servir para conocer mejor las distintas realidades existentes y contribuir al desarrollo de iniciativas, recursos, investigaciones y pol\u00edticas relacionadas con el acceso al braille.<\/p>\n<p>El cuestionario es accesible y se encuentra disponible en varios idiomas, entre ellos el castellano.<\/p>\n<p>Quienes deseen participar pueden acceder directamente a la <a href=\"https:\/\/kusurvey.ca1.qualtrics.com\/jfe\/form\/SV_77Dg1BuBQDi54RE\">Encuesta Mundial sobre Alfabetizaci\u00f3n Braille<\/a>.<\/p>\n","protected":false},"excerpt":{"rendered":"<p>El Consejo Internacional para la Educaci\u00f3n de las Personas con Discapacidad Visual (ICEVI) y la Uni\u00f3n Mundial de Ciegos (UMC), junto con otras organizaciones y profesionales vinculados a la discapacidad visual, han puesto en marcha la Encuesta Mundial sobre Alfabetizaci\u00f3n Braille, una iniciativa destinada a conocer la situaci\u00f3n actual del aprendizaje y el uso del &hellip; <\/p>\n<p class=\"link-more\"><a href=\"https:\/\/programaraciegas.net\/?p=1381\" class=\"more-link\">Continuar leyendo<span class=\"screen-reader-text\"> \u00abUna encuesta mundial busca conocer la situaci\u00f3n de la alfabetizaci\u00f3n braille\u00bb<\/span><\/a><\/p>\n","protected":false},"author":1,"featured_media":0,"comment_status":"open","ping_status":"closed","sticky":false,"template":"","format":"standard","meta":{"footnotes":""},"categories":[152],"tags":[204,171],"class_list":["post-1381","post","type-post","status-publish","format-standard","hentry","category-noticias","tag-braille","tag-encuesta"],"jetpack_featured_media_url":"","_links":{"self":[{"href":"https:\/\/programaraciegas.net\/index.php?rest_route=\/wp\/v2\/posts\/1381","targetHints":{"allow":["GET"]}}],"collection":[{"href":"https:\/\/programaraciegas.net\/index.php?rest_route=\/wp\/v2\/posts"}],"about":[{"href":"https:\/\/programaraciegas.net\/index.php?rest_route=\/wp\/v2\/types\/post"}],"author":[{"embeddable":true,"href":"https:\/\/programaraciegas.net\/index.php?rest_route=\/wp\/v2\/users\/1"}],"replies":[{"embeddable":true,"href":"https:\/\/programaraciegas.net\/index.php?rest_route=%2Fwp%2Fv2%2Fcomments&post=1381"}],"version-history":[{"count":0,"href":"https:\/\/programaraciegas.net\/index.php?rest_route=\/wp\/v2\/posts\/1381\/revisions"}],"wp:attachment":[{"href":"https:\/\/programaraciegas.net\/index.php?rest_route=%2Fwp%2Fv2%2Fmedia&parent=1381"}],"wp:term":[{"taxonomy":"category","embeddable":true,"href":"https:\/\/programaraciegas.net\/index.php?rest_route=%2Fwp%2Fv2%2Fcategories&post=1381"},{"taxonomy":"post_tag","embeddable":true,"href":"https:\/\/programaraciegas.net\/index.php?rest_route=%2Fwp%2Fv2%2Ftags&post=1381"}],"curies":[{"name":"wp","href":"https:\/\/api.w.org\/{rel}","templated":true}]}}