{"id":775,"date":"2021-11-12T00:00:00","date_gmt":"2021-11-11T23:00:00","guid":{"rendered":"https:\/\/programaraciegas.net\/?p=775"},"modified":"2021-11-11T19:17:13","modified_gmt":"2021-11-11T18:17:13","slug":"participacion-en-el-tourism-innovation-summit-2021","status":"publish","type":"post","link":"https:\/\/programaraciegas.net\/?p=775","title":{"rendered":"Participaci\u00f3n en el Tourism Innovation Summit 2021"},"content":{"rendered":"<p>El pasado 11 de noviembre particip\u00e9 en el <a href=\"https:\/\/www.tisglobalsummit.com\/\">Tourism Innovation Summit<\/a> para hablar de tecnolog\u00eda y accesibilidad en el turismo.<\/p>\n<p>Compart\u00ed mesa de debate con\u00a0<a href=\"https:\/\/www.canalsur.es\/multimedia.html?id=1688432\">Beatriz Garc\u00eda Reyes<\/a>, Consultora de accesibilidad en Everyone y con\u00a0Lu\u00eds Casado: presidente de <a href=\"https:\/\/fundacioniddeas.org\/\">Fundaci\u00f3n Iddeas<\/a>.<\/p>\n<p><img loading=\"lazy\" decoding=\"async\" title=\"TIS2021-4 ponentes.jpg\" src=\"https:\/\/tyflosaccessiblesoftware.com\/programaraciegas\/blog\/wp-content\/uploads\/2021\/11\/TIS2021-4-ponentes.jpg\" alt=\"Los 3 ponentes de la charla junto a la moderadora de la mesa en el escenario del evento\" width=\"600\" height=\"450\" border=\"0\" \/><\/p>\n<p>Se habl\u00f3 de los requisitos necesarios para considerar si un destino es inclusivo, la tecnolog\u00eda y el marketing relacionados as\u00ed como los distintos perfiles de discapacidad afectados.<\/p>\n<p>Personalmente habl\u00e9 de la tecnolog\u00eda para las personas y la responsabilidad de una sociedad inclusiva as\u00ed como que detr\u00e1s de toda normativa de accesibilidad debe estar el sentido com\u00fan a la hora de aplicar las soluciones.<\/p>\n","protected":false},"excerpt":{"rendered":"<p>El pasado 11 de noviembre particip\u00e9 en el Tourism Innovation Summit para hablar de tecnolog\u00eda y accesibilidad en el turismo. Compart\u00ed mesa de debate con\u00a0Beatriz Garc\u00eda Reyes, Consultora de accesibilidad en Everyone y con\u00a0Lu\u00eds Casado: presidente de Fundaci\u00f3n Iddeas. Se habl\u00f3 de los requisitos necesarios para considerar si un destino es inclusivo, la tecnolog\u00eda y &hellip; <\/p>\n<p class=\"link-more\"><a href=\"https:\/\/programaraciegas.net\/?p=775\" class=\"more-link\">Continuar leyendo<span class=\"screen-reader-text\"> \u00abParticipaci\u00f3n en el Tourism Innovation Summit 2021\u00bb<\/span><\/a><\/p>\n","protected":false},"author":1,"featured_media":0,"comment_status":"open","ping_status":"closed","sticky":false,"template":"","format":"standard","meta":{"footnotes":""},"categories":[152],"tags":[11,71,369,368],"class_list":["post-775","post","type-post","status-publish","format-standard","hentry","category-noticias","tag-accesibilidad-2","tag-congreso","tag-inclusion","tag-turismo"],"jetpack_featured_media_url":"","_links":{"self":[{"href":"https:\/\/programaraciegas.net\/index.php?rest_route=\/wp\/v2\/posts\/775","targetHints":{"allow":["GET"]}}],"collection":[{"href":"https:\/\/programaraciegas.net\/index.php?rest_route=\/wp\/v2\/posts"}],"about":[{"href":"https:\/\/programaraciegas.net\/index.php?rest_route=\/wp\/v2\/types\/post"}],"author":[{"embeddable":true,"href":"https:\/\/programaraciegas.net\/index.php?rest_route=\/wp\/v2\/users\/1"}],"replies":[{"embeddable":true,"href":"https:\/\/programaraciegas.net\/index.php?rest_route=%2Fwp%2Fv2%2Fcomments&post=775"}],"version-history":[{"count":0,"href":"https:\/\/programaraciegas.net\/index.php?rest_route=\/wp\/v2\/posts\/775\/revisions"}],"wp:attachment":[{"href":"https:\/\/programaraciegas.net\/index.php?rest_route=%2Fwp%2Fv2%2Fmedia&parent=775"}],"wp:term":[{"taxonomy":"category","embeddable":true,"href":"https:\/\/programaraciegas.net\/index.php?rest_route=%2Fwp%2Fv2%2Fcategories&post=775"},{"taxonomy":"post_tag","embeddable":true,"href":"https:\/\/programaraciegas.net\/index.php?rest_route=%2Fwp%2Fv2%2Ftags&post=775"}],"curies":[{"name":"wp","href":"https:\/\/api.w.org\/{rel}","templated":true}]}}