{"id":800,"date":"2021-12-03T14:17:27","date_gmt":"2021-12-03T13:17:27","guid":{"rendered":"https:\/\/programaraciegas.net\/?p=800"},"modified":"2021-12-03T14:17:27","modified_gmt":"2021-12-03T13:17:27","slug":"participacion-en-el-podcast-de-faqmac","status":"publish","type":"post","link":"https:\/\/programaraciegas.net\/?p=800","title":{"rendered":"Participaci\u00f3n en el Podcast de FaqMac"},"content":{"rendered":"<p>El pasado 2 de diciembre particip\u00e9 en el Podcast de <a href=\"https:\/\/www.faq-mac.com\/\">Faqmac<\/a> para hablar de discapacidad y accesibilidad digital.<\/p>\n<p>Alfonso y Juan estuvieron entrevist\u00e1ndome para conocer las experiencias de una persona ciega a la hora de utilizar dispositivos electr\u00f3nicos y terminamos hablando un poco de todo.<\/p>\n<p>Pod\u00e9is escuchar el cap\u00edtulo <a href=\"https:\/\/faqmac.podbean.com\/e\/ser-ciego-en-un-mundo-de-pantallas\/\">a ciegas en un mundo de pantallas<\/a> en la p\u00e1gina del <a href=\"https:\/\/faqmac.podbean.com\/\">Podcast de FaqMac<\/a>.\u00a0<\/p>\n","protected":false},"excerpt":{"rendered":"<p>El pasado 2 de diciembre particip\u00e9 en el Podcast de Faqmac para hablar de discapacidad y accesibilidad digital. Alfonso y Juan estuvieron entrevist\u00e1ndome para conocer las experiencias de una persona ciega a la hora de utilizar dispositivos electr\u00f3nicos y terminamos hablando un poco de todo. Pod\u00e9is escuchar el cap\u00edtulo a ciegas en un mundo de &hellip; <\/p>\n<p class=\"link-more\"><a href=\"https:\/\/programaraciegas.net\/?p=800\" class=\"more-link\">Continuar leyendo<span class=\"screen-reader-text\"> \u00abParticipaci\u00f3n en el Podcast de FaqMac\u00bb<\/span><\/a><\/p>\n","protected":false},"author":1,"featured_media":0,"comment_status":"open","ping_status":"closed","sticky":false,"template":"","format":"standard","meta":{"footnotes":""},"categories":[3,211],"tags":[11,155,213],"class_list":["post-800","post","type-post","status-publish","format-standard","hentry","category-accesibilidad","category-podcasts","tag-accesibilidad-2","tag-discapacidad","tag-podcast"],"jetpack_featured_media_url":"","_links":{"self":[{"href":"https:\/\/programaraciegas.net\/index.php?rest_route=\/wp\/v2\/posts\/800","targetHints":{"allow":["GET"]}}],"collection":[{"href":"https:\/\/programaraciegas.net\/index.php?rest_route=\/wp\/v2\/posts"}],"about":[{"href":"https:\/\/programaraciegas.net\/index.php?rest_route=\/wp\/v2\/types\/post"}],"author":[{"embeddable":true,"href":"https:\/\/programaraciegas.net\/index.php?rest_route=\/wp\/v2\/users\/1"}],"replies":[{"embeddable":true,"href":"https:\/\/programaraciegas.net\/index.php?rest_route=%2Fwp%2Fv2%2Fcomments&post=800"}],"version-history":[{"count":0,"href":"https:\/\/programaraciegas.net\/index.php?rest_route=\/wp\/v2\/posts\/800\/revisions"}],"wp:attachment":[{"href":"https:\/\/programaraciegas.net\/index.php?rest_route=%2Fwp%2Fv2%2Fmedia&parent=800"}],"wp:term":[{"taxonomy":"category","embeddable":true,"href":"https:\/\/programaraciegas.net\/index.php?rest_route=%2Fwp%2Fv2%2Fcategories&post=800"},{"taxonomy":"post_tag","embeddable":true,"href":"https:\/\/programaraciegas.net\/index.php?rest_route=%2Fwp%2Fv2%2Ftags&post=800"}],"curies":[{"name":"wp","href":"https:\/\/api.w.org\/{rel}","templated":true}]}}